{"id":896,"date":"2021-03-24T11:20:40","date_gmt":"2021-03-24T10:20:40","guid":{"rendered":"https:\/\/www.porc-authentique.com\/?p=896"},"modified":"2021-03-24T11:20:42","modified_gmt":"2021-03-24T10:20:42","slug":"un-nouveau-charge-de-mission-porc-sur-paille","status":"publish","type":"post","link":"https:\/\/www.porc-authentique.com\/?p=896","title":{"rendered":"Un nouveau Charg\u00e9 de Mission Porc sur Paille."},"content":{"rendered":"<div style=\"background-repeat: no-repeat;\">\n<div class=\"wp-block-image\"><figure class=\"alignright size-medium\"><a href=\"https:\/\/www.porc-authentique.com\/wp-content\/uploads\/2021\/03\/IMG_4197-01-1-scaled.jpeg\"><img decoding=\"async\" src=\"https:\/\/www.porc-authentique.com\/wp-content\/uploads\/2021\/03\/IMG_4197-01-1-300x200.jpeg\" alt=\"\" class=\"wp-image-898\"\/><\/a><figcaption><em>Bas\u00e9 \u00e0 Lorient,&nbsp;Pierre&nbsp;ira \u00e0 la rencontre des \u00e9leveurs, l&#8217;occasion de faire le point sur leurs attentes, et de relancer une dynamique forte sur la fili\u00e8re.<\/em><\/figcaption><\/figure><\/div>\n\n\n\n<p>Pierre Leroux a rejoint le r\u00e9seau Coh\u00e9rence le 08 mars 2021 en tant que Charg\u00e9 de Mission Porc sur Paille.&nbsp;Il aura pour mission d&#8217;animer, de r\u00e9pondre aux demandes des \u00e9leveurs et de contribuer au d\u00e9veloppement de la commercialisation des fili\u00e8res de porcs \u00e9lev\u00e9s sur&nbsp;paille. \u00ab&nbsp;Ing\u00e9nieur agricole de formation, j\u2019ai eu l\u2019occasion de travailler en milieu bancaire, dans des associations promouvant une agriculture durable&nbsp;ou encore dans une coop\u00e9rative de riz biologique en&nbsp;Thailande.&nbsp;Ces diff\u00e9rentes exp\u00e9riences ont en commun mon envie d\u2019\u00eatre sur le terrain et de m\u2019enrichir des connaissances des agriculteurs&nbsp;!&nbsp;\u00bb<\/p>\n<\/div>","protected":false},"excerpt":{"rendered":"<p>Pierre Leroux a rejoint le r\u00e9seau Coh\u00e9rence le 08 mars 2021 en tant que Charg\u00e9 de Mission Porc sur Paille.&nbsp;Il aura pour mission d&#8217;animer, de r\u00e9pondre aux demandes des \u00e9leveurs et de contribuer au d\u00e9veloppement de la commercialisation des fili\u00e8res de porcs \u00e9lev\u00e9s sur&nbsp;paille. \u00ab&nbsp;Ing\u00e9nieur agricole de formation, j\u2019ai eu l\u2019occasion de travailler en milieu &hellip; <a href=\"https:\/\/www.porc-authentique.com\/?p=896\" class=\"more-link\">Lire la suite de <span class=\"screen-reader-text\">Un nouveau Charg\u00e9 de Mission Porc sur Paille.<\/span><\/a><\/p>\n","protected":false},"author":7,"featured_media":0,"comment_status":"open","ping_status":"open","sticky":false,"template":"","format":"standard","meta":{"footnotes":""},"categories":[1],"tags":[],"_links":{"self":[{"href":"https:\/\/www.porc-authentique.com\/index.php?rest_route=\/wp\/v2\/posts\/896"}],"collection":[{"href":"https:\/\/www.porc-authentique.com\/index.php?rest_route=\/wp\/v2\/posts"}],"about":[{"href":"https:\/\/www.porc-authentique.com\/index.php?rest_route=\/wp\/v2\/types\/post"}],"author":[{"embeddable":true,"href":"https:\/\/www.porc-authentique.com\/index.php?rest_route=\/wp\/v2\/users\/7"}],"replies":[{"embeddable":true,"href":"https:\/\/www.porc-authentique.com\/index.php?rest_route=%2Fwp%2Fv2%2Fcomments&post=896"}],"version-history":[{"count":3,"href":"https:\/\/www.porc-authentique.com\/index.php?rest_route=\/wp\/v2\/posts\/896\/revisions"}],"predecessor-version":[{"id":901,"href":"https:\/\/www.porc-authentique.com\/index.php?rest_route=\/wp\/v2\/posts\/896\/revisions\/901"}],"wp:attachment":[{"href":"https:\/\/www.porc-authentique.com\/index.php?rest_route=%2Fwp%2Fv2%2Fmedia&parent=896"}],"wp:term":[{"taxonomy":"category","embeddable":true,"href":"https:\/\/www.porc-authentique.com\/index.php?rest_route=%2Fwp%2Fv2%2Fcategories&post=896"},{"taxonomy":"post_tag","embeddable":true,"href":"https:\/\/www.porc-authentique.com\/index.php?rest_route=%2Fwp%2Fv2%2Ftags&post=896"}],"curies":[{"name":"wp","href":"https:\/\/api.w.org\/{rel}","templated":true}]}}